{"id":50910,"date":"2021-12-24T12:01:42","date_gmt":"2021-12-24T11:01:42","guid":{"rendered":"https:\/\/www.digitalbusiness.africa\/?p=50910"},"modified":"2021-12-24T12:01:48","modified_gmt":"2021-12-24T11:01:48","slug":"voici-le-bureau-executif-de-lassociation-des-operateurs-historiques-de-telecommunications-de-la-ceeac-conduit-par-judith-yah-sunday-epse-achidi","status":"publish","type":"post","link":"https:\/\/www.digitalbusiness.africa\/en\/voici-le-bureau-executif-de-lassociation-des-operateurs-historiques-de-telecommunications-de-la-ceeac-conduit-par-judith-yah-sunday-epse-achidi\/","title":{"rendered":"Voici le bureau ex\u00e9cutif de l\u2019association des op\u00e9rateurs historiques de t\u00e9l\u00e9communications de la CEEAC conduit par Judith YAH SUNDAY \u00e9pse ACHIDI"},"content":{"rendered":"\n<p class=\"wp-block-paragraph\"><strong>[DIGITAL Business Africa] \u2013\u00a0<\/strong>A l\u2019initiative de la\u00a0<a href=\"\/en?p=50604\" target=\"_blank\" rel=\"noreferrer noopener\">Camtel<\/a>, les op\u00e9rateurs historiques de t\u00e9l\u00e9communications des pays membres de la CEEAC se sont r\u00e9unis \u00e0 Yaound\u00e9 au Cameroun du 15 au 16 d\u00e9cembre 2021 dans le but de tenir l\u2019assembl\u00e9e g\u00e9n\u00e9rale constituante de leur association. \u00a0<\/p>\n\n\n\n<p class=\"wp-block-paragraph\">La rencontre de Yaound\u00e9 en pr\u00e9sentiel faisait suite \u00e0 deux sessions initiales de prise de contact via vid\u00e9oconf\u00e9rence les 15 octobre 2021 et 15 novembre 2021. Lors de ces rencontres virtuelles, les directeurs g\u00e9n\u00e9raux des sept op\u00e9rateurs pr\u00e9sents ont valid\u00e9 d\u2019un commun accord le projet de statut et ont convenu d\u2019une rencontre en pr\u00e9sentiel \u00e0 Yaound\u00e9.<\/p>\n\n\n\n<p class=\"wp-block-paragraph\">Aussi, la rencontre de Yaound\u00e9 a permis l\u2019adoption des statuts de l\u2019Association des op\u00e9rateurs historiques de t\u00e9l\u00e9communications des pays membres de la CEEAC et l\u2019\u00e9lection \u00e0 l\u2019unanimit\u00e9 du bureau de l\u2019association compos\u00e9e de&nbsp;:<\/p>\n\n\n\n<p class=\"wp-block-paragraph\">&#8211; Madame <a href=\"\/en?p=49469\" target=\"_blank\" rel=\"noreferrer noopener\"><strong>Judith YAH SUNDAY \u00e9pse ACHIDI<\/strong>,<\/a> Directeur G\u00e9n\u00e9ral de la Cameroon Telecommunications \u00e0 la fonction de la Pr\u00e9sidence de l&#8217;Association ;<\/p>\n\n\n\n<p class=\"wp-block-paragraph\">Monsieur <strong>Didier MUSETE,<\/strong> Directeur G\u00e9n\u00e9ral de la Soci\u00e9t\u00e9 Congolaise des Postes et T\u00e9l\u00e9communications, repr\u00e9sent\u00e9 par monsieur Maurice MUFUSI \u00e0 la fonction de la Vice-Pr\u00e9sidence de l&#8217;Association ;<\/p>\n\n\n\n<p class=\"wp-block-paragraph\">Monsieur <strong>Yves CASTANOU<\/strong>, Directeur G\u00e9n\u00e9ral de Congo T\u00e9l\u00e9com, repr\u00e9sent\u00e9 par monsieur Anicet KANGA \u00e0 la fonction du Secr\u00e9tariat Permanent de l&#8217;Association ;<\/p>\n\n\n\n<p class=\"wp-block-paragraph\">Monsieur <strong>Axc\u00e8le KISSANGOU MOUELE<\/strong>, Directeur G\u00e9n\u00e9ral de la Soci\u00e9t\u00e9 de Patrimoine des Infrastructures Num\u00e9riques du Gabon, \u00e0 la fonction du Secr\u00e9tariat Permanent Adjoint ;<\/p>\n\n\n\n<p class=\"wp-block-paragraph\">&#8211; Madame <strong>Elise GOLDOUM<\/strong>, Directeur G\u00e9n\u00e9ral de la Soci\u00e9t\u00e9 des T\u00e9l\u00e9communications du Tchad (Groupe SOTEL TCHAD), \u00e0 la fonction de Responsable de la Commission Financi\u00e8re de l&#8217;Association.<\/p>\n\n\n\n<p class=\"wp-block-paragraph\">A travers l\u2019association des op\u00e9rateurs historiques des t\u00e9l\u00e9communications de l\u2019Afrique centrale, les membres fondateurs entendent contribuer de mani\u00e8re significative au d\u00e9veloppement de l\u2019\u00e9conomie num\u00e9rique et \u00e0 la transformation digitale de la sous-r\u00e9gion\u00a0; favoriser les \u00e9changes d\u2019exp\u00e9rience, la coordination des activit\u00e9s et la collaboration entre les op\u00e9rateurs membres, en vue d\u2019harmoniser le d\u00e9veloppement des moyens de t\u00e9l\u00e9communications\u00a0; repr\u00e9senter et d\u00e9fendre les int\u00e9r\u00eats des op\u00e9rateurs d\u2019infrastructure et de transport de communications \u00e9lectroniques face \u00e0 la position dominante des op\u00e9rateurs mobiles \u00e0 capitaux priv\u00e9s et aussi de faciliter l\u2019acc\u00e8s au broadband et au Cloud intra-africain.<\/p>\n\n\n\n<figure class=\"wp-block-image size-large\"><img decoding=\"async\" src=\"https:\/\/www.digitalbusiness.africa\/wp-content\/uploads\/2021\/12\/Ope\u0301rateurs-Telcos-1024x682.jpeg\" alt=\"Judith Yah Sunday, DG de Camtel, \u00e9lue pr\u00e9sidente de la nouvelle association des op\u00e9rateurs historiques des t\u00e9l\u00e9communications de l\u2019Afrique centrale\" class=\"wp-image-50753\"\/><\/figure>\n\n\n\n<p class=\"wp-block-paragraph\">L\u2019association ambitionne \u00e9galement de stimuler l\u2019\u00e9cosyst\u00e8me de l\u2019entrepreneuriat et des startups du num\u00e9rique afin de promouvoir la croissance \u00e9conomique et la cr\u00e9ation d\u2019emplois&nbsp;; d\u2019\u00e9tudier, discuter et faire conna\u00eetre les questions touchant la commercialisation des services de communications \u00e9lectroniques en Afrique centrale&nbsp;; de promouvoir le d\u00e9veloppement des communications \u00e9lectroniques et des entreprises du secteur&nbsp;; de cr\u00e9er une plateforme de dialogue structur\u00e9 et constant avec l\u2019ensemble des parties prenantes, dans l\u2019optique de partager les grandes probl\u00e9matiques du secteur.<\/p>\n\n\n\n<p class=\"wp-block-paragraph\">Digital Business Africa constate tout de m\u00eame que l\u2019association est constitu\u00e9e davantage des op\u00e9rateurs publics de transport des communications \u00e9lectroniques et de d\u00e9ploiement d\u2019infrastructures num\u00e9riques.<\/p>\n\n\n\n<p class=\"wp-block-paragraph\">C\u2019est ainsi que l\u2019on note parmi les membres fondateurs Camtel pour le Cameroun,&nbsp;<a href=\"\/en?p=49875\" target=\"_blank\" rel=\"noreferrer noopener\">Congo Telecom<\/a>&nbsp;pour le Congo Brazza, la&nbsp;<a href=\"\/en?p=15557\" target=\"_blank\" rel=\"noreferrer noopener\">SCPT<\/a>&nbsp;(Soci\u00e9t\u00e9 congolaise des postes et t\u00e9l\u00e9communications) pour la RD Congo,&nbsp;<a href=\"\/en?p=15760\" target=\"_blank\" rel=\"noreferrer noopener\">SOTEL<\/a>&nbsp;et SUDACHAD pour le Tchad et enfin la&nbsp;<a href=\"\/en?p=23385\" target=\"_blank\" rel=\"noreferrer noopener\">SPIN Gabon<\/a>&nbsp;et&nbsp;<a href=\"\/en?p=45662\" target=\"_blank\" rel=\"noreferrer noopener\">ACE Gabon&nbsp;<\/a>pour le Gabon.<\/p>\n\n\n\n<p class=\"wp-block-paragraph\"><strong>Par Digital Business Africa<\/strong><\/p>\n\n\n\n<p class=\"wp-block-paragraph\"><strong>Lire aussi<\/strong><\/p>\n\n\n\n<figure class=\"wp-block-embed is-type-wp-embed is-provider-digital-business-africa wp-block-embed-digital-business-africa\"><div class=\"wp-block-embed__wrapper\">\n<blockquote class=\"wp-embedded-content\" data-secret=\"3lsptcb5Un\"><a href=\"https:\/\/www.digitalbusiness.africa\/judith-yah-sunday-dg-de-camtel-elue-presidente-de-la-toute-nouvelle-association-des-operateurs-historiques-des-telecommunications-de-lafrique-centrale\/\">Judith Yah Sunday, DG de Camtel, \u00e9lue pr\u00e9sidente de la toute nouvelle association des op\u00e9rateurs historiques des t\u00e9l\u00e9communications de l\u2019Afrique centrale<\/a><\/blockquote><iframe loading=\"lazy\" class=\"wp-embedded-content\" sandbox=\"allow-scripts\" security=\"restricted\" style=\"position: absolute; clip: rect(1px, 1px, 1px, 1px);\" title=\"&#8220;Judith Yah Sunday, DG de Camtel, \u00e9lue pr\u00e9sidente de la toute nouvelle association des op\u00e9rateurs historiques des t\u00e9l\u00e9communications de l\u2019Afrique centrale&#8221; &#8212; Digital Business Africa\" src=\"https:\/\/www.digitalbusiness.africa\/judith-yah-sunday-dg-de-camtel-elue-presidente-de-la-toute-nouvelle-association-des-operateurs-historiques-des-telecommunications-de-lafrique-centrale\/embed\/#?secret=3lsptcb5Un\" data-secret=\"3lsptcb5Un\" width=\"600\" height=\"338\" frameborder=\"0\" marginwidth=\"0\" marginheight=\"0\" scrolling=\"no\"><\/iframe>\n<\/div><\/figure>\n","protected":false},"excerpt":{"rendered":"<p>[DIGITAL Business Africa] \u2013\u00a0A l\u2019initiative de la\u00a0Camtel, les op\u00e9rateurs historiques de t\u00e9l\u00e9communications des pays membres de la CEEAC se sont r\u00e9unis \u00e0 Yaound\u00e9 au Cameroun du 15 au 16 d\u00e9cembre 2021 dans le but de tenir l\u2019assembl\u00e9e g\u00e9n\u00e9rale constituante de leur association. \u00a0 La rencontre de Yaound\u00e9 en pr\u00e9sentiel faisait suite \u00e0 deux sessions initiales [&hellip;]<\/p>\n","protected":false},"author":63,"featured_media":50751,"comment_status":"open","ping_status":"open","sticky":false,"template":"","format":"standard","meta":{"_crdt_document":"","footnotes":""},"categories":[46504,46501,46506,46510,46541,46619,46582],"tags":[56408,56409],"class_list":{"0":"post-50910","1":"post","2":"type-post","3":"status-publish","4":"format-standard","5":"has-post-thumbnail","7":"category-cameroon","8":"category-central-africa","9":"category-congo","10":"category-dr-congo","11":"category-latest-publications","12":"category-public-management","13":"category-slidehome-en","14":"tag-camtel-2","15":"tag-judith-yah-sunday-2"},"yoast_head":"<!-- This site is optimized with the Yoast SEO Premium plugin v27.4 (Yoast SEO v27.4) - https:\/\/yoast.com\/product\/yoast-seo-premium-wordpress\/ -->\n<title>Voici le bureau ex\u00e9cutif de l\u2019association des op\u00e9rateurs historiques de t\u00e9l\u00e9communications de la CEEAC conduit par Judith YAH SUNDAY \u00e9pse ACHIDI - Digital Business Africa<\/title>\n<meta name=\"description\" content=\"\u2013\u00a0A l\u2019initiative de la\u00a0Camtel, les op\u00e9rateurs historiques de t\u00e9l\u00e9communications des pays membres de la CEEAC se sont r\u00e9unis \u00e0 Yaound\u00e9 au Cameroun du 15 au\" \/>\n<meta name=\"robots\" content=\"index, follow, max-snippet:-1, max-image-preview:large, max-video-preview:-1\" \/>\n<link rel=\"canonical\" href=\"https:\/\/www.digitalbusiness.africa\/en\/voici-le-bureau-executif-de-lassociation-des-operateurs-historiques-de-telecommunications-de-la-ceeac-conduit-par-judith-yah-sunday-epse-achidi\/\" \/>\n<meta property=\"og:locale\" content=\"en_US\" \/>\n<meta property=\"og:type\" content=\"article\" \/>\n<meta property=\"og:title\" content=\"Voici le bureau ex\u00e9cutif de l\u2019association des op\u00e9rateurs historiques de t\u00e9l\u00e9communications de la CEEAC conduit par Judith YAH SUNDAY \u00e9pse ACHIDI - Digital Business Africa\" \/>\n<meta property=\"og:description\" content=\"\u2013\u00a0A l\u2019initiative de la\u00a0Camtel, les op\u00e9rateurs historiques de t\u00e9l\u00e9communications des pays membres de la CEEAC se sont r\u00e9unis \u00e0 Yaound\u00e9 au Cameroun du 15 au\" \/>\n<meta property=\"og:url\" content=\"https:\/\/www.digitalbusiness.africa\/en\/voici-le-bureau-executif-de-lassociation-des-operateurs-historiques-de-telecommunications-de-la-ceeac-conduit-par-judith-yah-sunday-epse-achidi\/\" \/>\n<meta property=\"og:site_name\" content=\"Digital Business Africa\" \/>\n<meta property=\"article:publisher\" content=\"https:\/\/www.facebook.com\/DigitalBusinessAFRIC\" \/>\n<meta property=\"article:author\" content=\"https:\/\/www.facebook.com\/DigitalBusinessAFRIC\" \/>\n<meta property=\"article:published_time\" content=\"2021-12-24T11:01:42+00:00\" \/>\n<meta property=\"article:modified_time\" content=\"2021-12-24T11:01:48+00:00\" \/>\n<meta property=\"og:image\" content=\"https:\/\/i0.wp.com\/www.digitalbusiness.africa\/wp-content\/uploads\/2021\/12\/Judith-Yah-Sunday-Camtel-Ope\u0301rateurs-e1639729932917.jpeg?fit=1280%2C853&ssl=1\" \/>\n\t<meta property=\"og:image:width\" content=\"1280\" \/>\n\t<meta property=\"og:image:height\" content=\"853\" \/>\n\t<meta property=\"og:image:type\" content=\"image\/jpeg\" \/>\n<meta name=\"author\" content=\"Digital Business Africa\" \/>\n<meta name=\"twitter:card\" content=\"summary_large_image\" \/>\n<meta name=\"twitter:creator\" content=\"@DigitalBusiness\" \/>\n<meta name=\"twitter:site\" content=\"@DigitalBusiness\" \/>\n<meta name=\"twitter:label1\" content=\"Written by\" \/>\n\t<meta name=\"twitter:data1\" content=\"Digital Business Africa\" \/>\n\t<meta name=\"twitter:label2\" content=\"Est. reading time\" \/>\n\t<meta name=\"twitter:data2\" content=\"3 minutes\" \/>\n<script type=\"application\/ld+json\" class=\"yoast-schema-graph\">{\"@context\":\"https:\\\/\\\/schema.org\",\"@graph\":[{\"@type\":\"Article\",\"@id\":\"https:\\\/\\\/www.digitalbusiness.africa\\\/en\\\/voici-le-bureau-executif-de-lassociation-des-operateurs-historiques-de-telecommunications-de-la-ceeac-conduit-par-judith-yah-sunday-epse-achidi\\\/#article\",\"isPartOf\":{\"@id\":\"https:\\\/\\\/www.digitalbusiness.africa\\\/en\\\/voici-le-bureau-executif-de-lassociation-des-operateurs-historiques-de-telecommunications-de-la-ceeac-conduit-par-judith-yah-sunday-epse-achidi\\\/\"},\"author\":{\"name\":\"Digital Business Africa\",\"@id\":\"https:\\\/\\\/www.digitalbusiness.africa\\\/en\\\/#\\\/schema\\\/person\\\/ff3c1f37f3f78ad65e9c4800c0447708\"},\"headline\":\"Voici le bureau ex\u00e9cutif de l\u2019association des op\u00e9rateurs historiques de t\u00e9l\u00e9communications de la CEEAC conduit par Judith YAH SUNDAY \u00e9pse ACHIDI\",\"datePublished\":\"2021-12-24T11:01:42+00:00\",\"dateModified\":\"2021-12-24T11:01:48+00:00\",\"mainEntityOfPage\":{\"@id\":\"https:\\\/\\\/www.digitalbusiness.africa\\\/en\\\/voici-le-bureau-executif-de-lassociation-des-operateurs-historiques-de-telecommunications-de-la-ceeac-conduit-par-judith-yah-sunday-epse-achidi\\\/\"},\"wordCount\":638,\"commentCount\":0,\"publisher\":{\"@id\":\"https:\\\/\\\/www.digitalbusiness.africa\\\/en\\\/#organization\"},\"image\":{\"@id\":\"https:\\\/\\\/www.digitalbusiness.africa\\\/en\\\/voici-le-bureau-executif-de-lassociation-des-operateurs-historiques-de-telecommunications-de-la-ceeac-conduit-par-judith-yah-sunday-epse-achidi\\\/#primaryimage\"},\"thumbnailUrl\":\"https:\\\/\\\/www.digitalbusiness.africa\\\/wp-content\\\/uploads\\\/2021\\\/12\\\/Judith-Yah-Sunday-Camtel-Ope\u0301rateurs-e1639729932917.jpeg\",\"keywords\":[\"Camtel\",\"Judith Yah Sunday\"],\"articleSection\":[\"Cameroon\",\"CENTRAL AFRICA\",\"Congo\",\"DR Congo\",\"LATEST PUBLICATIONS\",\"Public Management\",\"SLIDEHOME\"],\"inLanguage\":\"en-US\",\"potentialAction\":[{\"@type\":\"CommentAction\",\"name\":\"Comment\",\"target\":[\"https:\\\/\\\/www.digitalbusiness.africa\\\/en\\\/voici-le-bureau-executif-de-lassociation-des-operateurs-historiques-de-telecommunications-de-la-ceeac-conduit-par-judith-yah-sunday-epse-achidi\\\/#respond\"]}],\"copyrightYear\":\"2021\",\"copyrightHolder\":{\"@id\":\"https:\\\/\\\/www.digitalbusiness.africa\\\/#organization\"}},{\"@type\":\"WebPage\",\"@id\":\"https:\\\/\\\/www.digitalbusiness.africa\\\/en\\\/voici-le-bureau-executif-de-lassociation-des-operateurs-historiques-de-telecommunications-de-la-ceeac-conduit-par-judith-yah-sunday-epse-achidi\\\/\",\"url\":\"https:\\\/\\\/www.digitalbusiness.africa\\\/en\\\/voici-le-bureau-executif-de-lassociation-des-operateurs-historiques-de-telecommunications-de-la-ceeac-conduit-par-judith-yah-sunday-epse-achidi\\\/\",\"name\":\"Voici le bureau ex\u00e9cutif de l\u2019association des op\u00e9rateurs historiques de t\u00e9l\u00e9communications de la CEEAC conduit par Judith YAH SUNDAY \u00e9pse ACHIDI - Digital Business Africa\",\"isPartOf\":{\"@id\":\"https:\\\/\\\/www.digitalbusiness.africa\\\/en\\\/#website\"},\"primaryImageOfPage\":{\"@id\":\"https:\\\/\\\/www.digitalbusiness.africa\\\/en\\\/voici-le-bureau-executif-de-lassociation-des-operateurs-historiques-de-telecommunications-de-la-ceeac-conduit-par-judith-yah-sunday-epse-achidi\\\/#primaryimage\"},\"image\":{\"@id\":\"https:\\\/\\\/www.digitalbusiness.africa\\\/en\\\/voici-le-bureau-executif-de-lassociation-des-operateurs-historiques-de-telecommunications-de-la-ceeac-conduit-par-judith-yah-sunday-epse-achidi\\\/#primaryimage\"},\"thumbnailUrl\":\"https:\\\/\\\/www.digitalbusiness.africa\\\/wp-content\\\/uploads\\\/2021\\\/12\\\/Judith-Yah-Sunday-Camtel-Ope\u0301rateurs-e1639729932917.jpeg\",\"datePublished\":\"2021-12-24T11:01:42+00:00\",\"dateModified\":\"2021-12-24T11:01:48+00:00\",\"description\":\"\u2013\u00a0A l\u2019initiative de la\u00a0Camtel, les op\u00e9rateurs historiques de t\u00e9l\u00e9communications des pays membres de la CEEAC se sont r\u00e9unis \u00e0 Yaound\u00e9 au Cameroun du 15 au\",\"inLanguage\":\"en-US\",\"potentialAction\":[{\"@type\":\"ReadAction\",\"target\":[\"https:\\\/\\\/www.digitalbusiness.africa\\\/en\\\/voici-le-bureau-executif-de-lassociation-des-operateurs-historiques-de-telecommunications-de-la-ceeac-conduit-par-judith-yah-sunday-epse-achidi\\\/\"]}]},{\"@type\":\"ImageObject\",\"inLanguage\":\"en-US\",\"@id\":\"https:\\\/\\\/www.digitalbusiness.africa\\\/en\\\/voici-le-bureau-executif-de-lassociation-des-operateurs-historiques-de-telecommunications-de-la-ceeac-conduit-par-judith-yah-sunday-epse-achidi\\\/#primaryimage\",\"url\":\"https:\\\/\\\/www.digitalbusiness.africa\\\/wp-content\\\/uploads\\\/2021\\\/12\\\/Judith-Yah-Sunday-Camtel-Ope\u0301rateurs-e1639729932917.jpeg\",\"contentUrl\":\"https:\\\/\\\/www.digitalbusiness.africa\\\/wp-content\\\/uploads\\\/2021\\\/12\\\/Judith-Yah-Sunday-Camtel-Ope\u0301rateurs-e1639729932917.jpeg\",\"width\":1280,\"height\":853,\"caption\":\"Judith Yah Sunday, DG de Camtel, \u00e9lue pr\u00e9sidente de la nouvelle association des op\u00e9rateurs historiques des t\u00e9l\u00e9communications de l\u2019Afrique centrale\"},{\"@type\":\"WebSite\",\"@id\":\"https:\\\/\\\/www.digitalbusiness.africa\\\/en\\\/#website\",\"url\":\"https:\\\/\\\/www.digitalbusiness.africa\\\/en\\\/\",\"name\":\"Digital Business Africa\",\"description\":\"Le Mag des d\u00e9cideurs consacr\u00e9 \u00e0 l&#039;actualit\u00e9 des TIC, des T\u00e9l\u00e9coms et du Num\u00e9rique en Afrique\",\"publisher\":{\"@id\":\"https:\\\/\\\/www.digitalbusiness.africa\\\/en\\\/#organization\"},\"potentialAction\":[{\"@type\":\"SearchAction\",\"target\":{\"@type\":\"EntryPoint\",\"urlTemplate\":\"https:\\\/\\\/www.digitalbusiness.africa\\\/en\\\/?s={search_term_string}\"},\"query-input\":{\"@type\":\"PropertyValueSpecification\",\"valueRequired\":true,\"valueName\":\"search_term_string\"}}],\"inLanguage\":\"en-US\"},{\"@type\":\"Organization\",\"@id\":\"https:\\\/\\\/www.digitalbusiness.africa\\\/en\\\/#organization\",\"name\":\"Digital Business Africa\",\"url\":\"https:\\\/\\\/www.digitalbusiness.africa\\\/en\\\/\",\"logo\":{\"@type\":\"ImageObject\",\"inLanguage\":\"en-US\",\"@id\":\"https:\\\/\\\/www.digitalbusiness.africa\\\/en\\\/#\\\/schema\\\/logo\\\/image\\\/\",\"url\":\"https:\\\/\\\/i0.wp.com\\\/www.digitalbusiness.africa\\\/wp-content\\\/uploads\\\/2022\\\/07\\\/NEW-LOGO-DBA-Sans-Fond.png?fit=2995%2C953&quality=80&ssl=1\",\"contentUrl\":\"https:\\\/\\\/i0.wp.com\\\/www.digitalbusiness.africa\\\/wp-content\\\/uploads\\\/2022\\\/07\\\/NEW-LOGO-DBA-Sans-Fond.png?fit=2995%2C953&quality=80&ssl=1\",\"width\":2995,\"height\":953,\"caption\":\"Digital Business Africa\"},\"image\":{\"@id\":\"https:\\\/\\\/www.digitalbusiness.africa\\\/en\\\/#\\\/schema\\\/logo\\\/image\\\/\"},\"sameAs\":[\"https:\\\/\\\/www.facebook.com\\\/DigitalBusinessAFRIC\",\"https:\\\/\\\/x.com\\\/DigitalBusiness\",\"https:\\\/\\\/www.linkedin.com\\\/company\\\/digitalbusinessafrica\",\"https:\\\/\\\/www.youtube.com\\\/@DIGITALbusinessafrica\"]},{\"@type\":\"Person\",\"@id\":\"https:\\\/\\\/www.digitalbusiness.africa\\\/en\\\/#\\\/schema\\\/person\\\/ff3c1f37f3f78ad65e9c4800c0447708\",\"name\":\"Digital Business Africa\",\"image\":{\"@type\":\"ImageObject\",\"inLanguage\":\"en-US\",\"@id\":\"https:\\\/\\\/secure.gravatar.com\\\/avatar\\\/b9e4a1bc2f72a65580318195742699c9067d8f5c29bc6f8868a76454109f5803?s=96&d=mm&r=g\",\"url\":\"https:\\\/\\\/secure.gravatar.com\\\/avatar\\\/b9e4a1bc2f72a65580318195742699c9067d8f5c29bc6f8868a76454109f5803?s=96&d=mm&r=g\",\"contentUrl\":\"https:\\\/\\\/secure.gravatar.com\\\/avatar\\\/b9e4a1bc2f72a65580318195742699c9067d8f5c29bc6f8868a76454109f5803?s=96&d=mm&r=g\",\"caption\":\"Digital Business Africa\"},\"description\":\"DIGITAL Business Africa est la plateforme d'infos strat\u00e9giques sur le secteur des TIC, des T\u00e9l\u00e9coms et du Num\u00e9rique en Afrique. Son Directeur de publication est Beaugas Orain DJOYUM , journaliste et consultant en e-R\u00e9putation, en communication digitale et en veille strat\u00e9gique. Pour le contact : contact@digitalbusiness.africa. T\u00e9l\u00e9phone : +237 243 25 64 36\",\"sameAs\":[\"https:\\\/\\\/www.facebook.com\\\/DigitalBusinessAFRIC\",\"https:\\\/\\\/fr.linkedin.com\\\/company\\\/tic-mag\",\"https:\\\/\\\/www.youtube.com\\\/user\\\/TICMag\\\/\"],\"url\":\"https:\\\/\\\/www.digitalbusiness.africa\\\/en\\\/author\\\/kina\\\/\"}]}<\/script>\n<!-- \/ Yoast SEO Premium plugin. -->","yoast_head_json":{"title":"Voici le bureau ex\u00e9cutif de l\u2019association des op\u00e9rateurs historiques de t\u00e9l\u00e9communications de la CEEAC conduit par Judith YAH SUNDAY \u00e9pse ACHIDI - Digital Business Africa","description":"\u2013\u00a0A l\u2019initiative de la\u00a0Camtel, les op\u00e9rateurs historiques de t\u00e9l\u00e9communications des pays membres de la CEEAC se sont r\u00e9unis \u00e0 Yaound\u00e9 au Cameroun du 15 au","robots":{"index":"index","follow":"follow","max-snippet":"max-snippet:-1","max-image-preview":"max-image-preview:large","max-video-preview":"max-video-preview:-1"},"canonical":"https:\/\/www.digitalbusiness.africa\/en\/voici-le-bureau-executif-de-lassociation-des-operateurs-historiques-de-telecommunications-de-la-ceeac-conduit-par-judith-yah-sunday-epse-achidi\/","og_locale":"en_US","og_type":"article","og_title":"Voici le bureau ex\u00e9cutif de l\u2019association des op\u00e9rateurs historiques de t\u00e9l\u00e9communications de la CEEAC conduit par Judith YAH SUNDAY \u00e9pse ACHIDI - Digital Business Africa","og_description":"\u2013\u00a0A l\u2019initiative de la\u00a0Camtel, les op\u00e9rateurs historiques de t\u00e9l\u00e9communications des pays membres de la CEEAC se sont r\u00e9unis \u00e0 Yaound\u00e9 au Cameroun du 15 au","og_url":"https:\/\/www.digitalbusiness.africa\/en\/voici-le-bureau-executif-de-lassociation-des-operateurs-historiques-de-telecommunications-de-la-ceeac-conduit-par-judith-yah-sunday-epse-achidi\/","og_site_name":"Digital Business Africa","article_publisher":"https:\/\/www.facebook.com\/DigitalBusinessAFRIC","article_author":"https:\/\/www.facebook.com\/DigitalBusinessAFRIC","article_published_time":"2021-12-24T11:01:42+00:00","article_modified_time":"2021-12-24T11:01:48+00:00","og_image":[{"width":1280,"height":853,"url":"https:\/\/i0.wp.com\/www.digitalbusiness.africa\/wp-content\/uploads\/2021\/12\/Judith-Yah-Sunday-Camtel-Ope\u0301rateurs-e1639729932917.jpeg?fit=1280%2C853&ssl=1","type":"image\/jpeg"}],"author":"Digital Business Africa","twitter_card":"summary_large_image","twitter_creator":"@DigitalBusiness","twitter_site":"@DigitalBusiness","twitter_misc":{"Written by":"Digital Business Africa","Est. reading time":"3 minutes"},"schema":{"@context":"https:\/\/schema.org","@graph":[{"@type":"Article","@id":"https:\/\/www.digitalbusiness.africa\/en\/voici-le-bureau-executif-de-lassociation-des-operateurs-historiques-de-telecommunications-de-la-ceeac-conduit-par-judith-yah-sunday-epse-achidi\/#article","isPartOf":{"@id":"https:\/\/www.digitalbusiness.africa\/en\/voici-le-bureau-executif-de-lassociation-des-operateurs-historiques-de-telecommunications-de-la-ceeac-conduit-par-judith-yah-sunday-epse-achidi\/"},"author":{"name":"Digital Business Africa","@id":"https:\/\/www.digitalbusiness.africa\/en\/#\/schema\/person\/ff3c1f37f3f78ad65e9c4800c0447708"},"headline":"Voici le bureau ex\u00e9cutif de l\u2019association des op\u00e9rateurs historiques de t\u00e9l\u00e9communications de la CEEAC conduit par Judith YAH SUNDAY \u00e9pse ACHIDI","datePublished":"2021-12-24T11:01:42+00:00","dateModified":"2021-12-24T11:01:48+00:00","mainEntityOfPage":{"@id":"https:\/\/www.digitalbusiness.africa\/en\/voici-le-bureau-executif-de-lassociation-des-operateurs-historiques-de-telecommunications-de-la-ceeac-conduit-par-judith-yah-sunday-epse-achidi\/"},"wordCount":638,"commentCount":0,"publisher":{"@id":"https:\/\/www.digitalbusiness.africa\/en\/#organization"},"image":{"@id":"https:\/\/www.digitalbusiness.africa\/en\/voici-le-bureau-executif-de-lassociation-des-operateurs-historiques-de-telecommunications-de-la-ceeac-conduit-par-judith-yah-sunday-epse-achidi\/#primaryimage"},"thumbnailUrl":"https:\/\/www.digitalbusiness.africa\/wp-content\/uploads\/2021\/12\/Judith-Yah-Sunday-Camtel-Ope\u0301rateurs-e1639729932917.jpeg","keywords":["Camtel","Judith Yah Sunday"],"articleSection":["Cameroon","CENTRAL AFRICA","Congo","DR Congo","LATEST PUBLICATIONS","Public Management","SLIDEHOME"],"inLanguage":"en-US","potentialAction":[{"@type":"CommentAction","name":"Comment","target":["https:\/\/www.digitalbusiness.africa\/en\/voici-le-bureau-executif-de-lassociation-des-operateurs-historiques-de-telecommunications-de-la-ceeac-conduit-par-judith-yah-sunday-epse-achidi\/#respond"]}],"copyrightYear":"2021","copyrightHolder":{"@id":"https:\/\/www.digitalbusiness.africa\/#organization"}},{"@type":"WebPage","@id":"https:\/\/www.digitalbusiness.africa\/en\/voici-le-bureau-executif-de-lassociation-des-operateurs-historiques-de-telecommunications-de-la-ceeac-conduit-par-judith-yah-sunday-epse-achidi\/","url":"https:\/\/www.digitalbusiness.africa\/en\/voici-le-bureau-executif-de-lassociation-des-operateurs-historiques-de-telecommunications-de-la-ceeac-conduit-par-judith-yah-sunday-epse-achidi\/","name":"Voici le bureau ex\u00e9cutif de l\u2019association des op\u00e9rateurs historiques de t\u00e9l\u00e9communications de la CEEAC conduit par Judith YAH SUNDAY \u00e9pse ACHIDI - Digital Business Africa","isPartOf":{"@id":"https:\/\/www.digitalbusiness.africa\/en\/#website"},"primaryImageOfPage":{"@id":"https:\/\/www.digitalbusiness.africa\/en\/voici-le-bureau-executif-de-lassociation-des-operateurs-historiques-de-telecommunications-de-la-ceeac-conduit-par-judith-yah-sunday-epse-achidi\/#primaryimage"},"image":{"@id":"https:\/\/www.digitalbusiness.africa\/en\/voici-le-bureau-executif-de-lassociation-des-operateurs-historiques-de-telecommunications-de-la-ceeac-conduit-par-judith-yah-sunday-epse-achidi\/#primaryimage"},"thumbnailUrl":"https:\/\/www.digitalbusiness.africa\/wp-content\/uploads\/2021\/12\/Judith-Yah-Sunday-Camtel-Ope\u0301rateurs-e1639729932917.jpeg","datePublished":"2021-12-24T11:01:42+00:00","dateModified":"2021-12-24T11:01:48+00:00","description":"\u2013\u00a0A l\u2019initiative de la\u00a0Camtel, les op\u00e9rateurs historiques de t\u00e9l\u00e9communications des pays membres de la CEEAC se sont r\u00e9unis \u00e0 Yaound\u00e9 au Cameroun du 15 au","inLanguage":"en-US","potentialAction":[{"@type":"ReadAction","target":["https:\/\/www.digitalbusiness.africa\/en\/voici-le-bureau-executif-de-lassociation-des-operateurs-historiques-de-telecommunications-de-la-ceeac-conduit-par-judith-yah-sunday-epse-achidi\/"]}]},{"@type":"ImageObject","inLanguage":"en-US","@id":"https:\/\/www.digitalbusiness.africa\/en\/voici-le-bureau-executif-de-lassociation-des-operateurs-historiques-de-telecommunications-de-la-ceeac-conduit-par-judith-yah-sunday-epse-achidi\/#primaryimage","url":"https:\/\/www.digitalbusiness.africa\/wp-content\/uploads\/2021\/12\/Judith-Yah-Sunday-Camtel-Ope\u0301rateurs-e1639729932917.jpeg","contentUrl":"https:\/\/www.digitalbusiness.africa\/wp-content\/uploads\/2021\/12\/Judith-Yah-Sunday-Camtel-Ope\u0301rateurs-e1639729932917.jpeg","width":1280,"height":853,"caption":"Judith Yah Sunday, DG de Camtel, \u00e9lue pr\u00e9sidente de la nouvelle association des op\u00e9rateurs historiques des t\u00e9l\u00e9communications de l\u2019Afrique centrale"},{"@type":"WebSite","@id":"https:\/\/www.digitalbusiness.africa\/en\/#website","url":"https:\/\/www.digitalbusiness.africa\/en\/","name":"Digital Business Africa","description":"Le Mag des d\u00e9cideurs consacr\u00e9 \u00e0 l&#039;actualit\u00e9 des TIC, des T\u00e9l\u00e9coms et du Num\u00e9rique en Afrique","publisher":{"@id":"https:\/\/www.digitalbusiness.africa\/en\/#organization"},"potentialAction":[{"@type":"SearchAction","target":{"@type":"EntryPoint","urlTemplate":"https:\/\/www.digitalbusiness.africa\/en\/?s={search_term_string}"},"query-input":{"@type":"PropertyValueSpecification","valueRequired":true,"valueName":"search_term_string"}}],"inLanguage":"en-US"},{"@type":"Organization","@id":"https:\/\/www.digitalbusiness.africa\/en\/#organization","name":"Digital Business Africa","url":"https:\/\/www.digitalbusiness.africa\/en\/","logo":{"@type":"ImageObject","inLanguage":"en-US","@id":"https:\/\/www.digitalbusiness.africa\/en\/#\/schema\/logo\/image\/","url":"https:\/\/i0.wp.com\/www.digitalbusiness.africa\/wp-content\/uploads\/2022\/07\/NEW-LOGO-DBA-Sans-Fond.png?fit=2995%2C953&quality=80&ssl=1","contentUrl":"https:\/\/i0.wp.com\/www.digitalbusiness.africa\/wp-content\/uploads\/2022\/07\/NEW-LOGO-DBA-Sans-Fond.png?fit=2995%2C953&quality=80&ssl=1","width":2995,"height":953,"caption":"Digital Business Africa"},"image":{"@id":"https:\/\/www.digitalbusiness.africa\/en\/#\/schema\/logo\/image\/"},"sameAs":["https:\/\/www.facebook.com\/DigitalBusinessAFRIC","https:\/\/x.com\/DigitalBusiness","https:\/\/www.linkedin.com\/company\/digitalbusinessafrica","https:\/\/www.youtube.com\/@DIGITALbusinessafrica"]},{"@type":"Person","@id":"https:\/\/www.digitalbusiness.africa\/en\/#\/schema\/person\/ff3c1f37f3f78ad65e9c4800c0447708","name":"Digital Business Africa","image":{"@type":"ImageObject","inLanguage":"en-US","@id":"https:\/\/secure.gravatar.com\/avatar\/b9e4a1bc2f72a65580318195742699c9067d8f5c29bc6f8868a76454109f5803?s=96&d=mm&r=g","url":"https:\/\/secure.gravatar.com\/avatar\/b9e4a1bc2f72a65580318195742699c9067d8f5c29bc6f8868a76454109f5803?s=96&d=mm&r=g","contentUrl":"https:\/\/secure.gravatar.com\/avatar\/b9e4a1bc2f72a65580318195742699c9067d8f5c29bc6f8868a76454109f5803?s=96&d=mm&r=g","caption":"Digital Business Africa"},"description":"DIGITAL Business Africa est la plateforme d'infos strat\u00e9giques sur le secteur des TIC, des T\u00e9l\u00e9coms et du Num\u00e9rique en Afrique. Son Directeur de publication est Beaugas Orain DJOYUM , journaliste et consultant en e-R\u00e9putation, en communication digitale et en veille strat\u00e9gique. Pour le contact : contact@digitalbusiness.africa. T\u00e9l\u00e9phone : +237 243 25 64 36","sameAs":["https:\/\/www.facebook.com\/DigitalBusinessAFRIC","https:\/\/fr.linkedin.com\/company\/tic-mag","https:\/\/www.youtube.com\/user\/TICMag\/"],"url":"https:\/\/www.digitalbusiness.africa\/en\/author\/kina\/"}]}},"jetpack_featured_media_url":"https:\/\/www.digitalbusiness.africa\/wp-content\/uploads\/2021\/12\/Judith-Yah-Sunday-Camtel-Ope\u0301rateurs-e1639729932917.jpeg","_links":{"self":[{"href":"https:\/\/www.digitalbusiness.africa\/en\/wp-json\/wp\/v2\/posts\/50910","targetHints":{"allow":["GET"]}}],"collection":[{"href":"https:\/\/www.digitalbusiness.africa\/en\/wp-json\/wp\/v2\/posts"}],"about":[{"href":"https:\/\/www.digitalbusiness.africa\/en\/wp-json\/wp\/v2\/types\/post"}],"author":[{"embeddable":true,"href":"https:\/\/www.digitalbusiness.africa\/en\/wp-json\/wp\/v2\/users\/63"}],"replies":[{"embeddable":true,"href":"https:\/\/www.digitalbusiness.africa\/en\/wp-json\/wp\/v2\/comments?post=50910"}],"version-history":[{"count":2,"href":"https:\/\/www.digitalbusiness.africa\/en\/wp-json\/wp\/v2\/posts\/50910\/revisions"}],"predecessor-version":[{"id":50912,"href":"https:\/\/www.digitalbusiness.africa\/en\/wp-json\/wp\/v2\/posts\/50910\/revisions\/50912"}],"wp:featuredmedia":[{"embeddable":true,"href":"https:\/\/www.digitalbusiness.africa\/en\/wp-json\/wp\/v2\/media\/50751"}],"wp:attachment":[{"href":"https:\/\/www.digitalbusiness.africa\/en\/wp-json\/wp\/v2\/media?parent=50910"}],"wp:term":[{"taxonomy":"category","embeddable":true,"href":"https:\/\/www.digitalbusiness.africa\/en\/wp-json\/wp\/v2\/categories?post=50910"},{"taxonomy":"post_tag","embeddable":true,"href":"https:\/\/www.digitalbusiness.africa\/en\/wp-json\/wp\/v2\/tags?post=50910"}],"curies":[{"name":"wp","href":"https:\/\/api.w.org\/{rel}","templated":true}]}}